{"id":3695,"date":"2022-04-10T20:19:06","date_gmt":"2022-04-10T18:19:06","guid":{"rendered":"http:\/\/www.spbrzezowka.ostnet.pl\/?p=3695"},"modified":"2022-05-07T00:08:34","modified_gmt":"2022-05-06T22:08:34","slug":"przedszkolaki-w-obiektywie","status":"publish","type":"post","link":"https:\/\/www.spbrzezowka.ostnet.pl\/index.php\/2022\/04\/10\/przedszkolaki-w-obiektywie\/","title":{"rendered":"Przedszkolaki w obiektywie!"},"content":{"rendered":"\n<p>Pi\u0119kne fotografie w wiosenno- wielkanocnej scenerii wykona\u0142a w ubieg\u0142y pi\u0105tek pani Kasia Zieli\u0144ska &#8211; Sroka. Nasi najm\u0142odsi cierpliwie pozowali do zdj\u0119\u0107, dzi\u0119ki czemu powsta\u0142a sesja b\u0119dzie mi\u0142\u0105 pami\u0105tk\u0105. Zapraszamy do galerii :).<\/p>\n\n\n\n<!-- default-view.php -->\n<div\n\tclass=\"ngg-galleryoverview default-view \"\n\tid=\"ngg-gallery-f19d901b3e359107f1474847eb9b8514-1\">\n\n\t\t<!-- Thumbnails -->\n\t\t\t\t<div id=\"ngg-image-0\" class=\"ngg-gallery-thumbnail-box \" >\n\t\t\t\t        <div class=\"ngg-gallery-thumbnail\">\n            <a href=\"https:\/\/www.spbrzezowka.ostnet.pl\/wp-content\/gallery\/sesja-wielkanocna-przedszkolakow\/DSC_2108.jpg\"\n               title=\"\"\n               data-src=\"https:\/\/www.spbrzezowka.ostnet.pl\/wp-content\/gallery\/sesja-wielkanocna-przedszkolakow\/DSC_2108.jpg\"\n               data-thumbnail=\"https:\/\/www.spbrzezowka.ostnet.pl\/wp-content\/gallery\/sesja-wielkanocna-przedszkolakow\/thumbs\/thumbs_DSC_2108.jpg\"\n               data-image-id=\"801\"\n               data-title=\"DSC_2108\"\n               data-description=\"\"\n               data-image-slug=\"dsc_2108\"\n               class=\"ngg-simplelightbox\" rel=\"f19d901b3e359107f1474847eb9b8514\">\n                <img\n                    title=\"DSC_2108\"\n                    alt=\"DSC_2108\"\n                    src=\"https:\/\/www.spbrzezowka.ostnet.pl\/wp-content\/gallery\/sesja-wielkanocna-przedszkolakow\/thumbs\/thumbs_DSC_2108.jpg\"\n                    width=\"240\"\n                    height=\"160\"\n                    style=\"max-width:100%;\"\n                \/>\n            <\/a>\n        <\/div>\n\t\t\t\t\t\t\t<\/div> \n\t\t\t\n\t\t\t\t<div id=\"ngg-image-1\" class=\"ngg-gallery-thumbnail-box \" >\n\t\t\t\t        <div class=\"ngg-gallery-thumbnail\">\n            <a href=\"https:\/\/www.spbrzezowka.ostnet.pl\/wp-content\/gallery\/sesja-wielkanocna-przedszkolakow\/DSC_2166.jpg\"\n               title=\"\"\n               data-src=\"https:\/\/www.spbrzezowka.ostnet.pl\/wp-content\/gallery\/sesja-wielkanocna-przedszkolakow\/DSC_2166.jpg\"\n               data-thumbnail=\"https:\/\/www.spbrzezowka.ostnet.pl\/wp-content\/gallery\/sesja-wielkanocna-przedszkolakow\/thumbs\/thumbs_DSC_2166.jpg\"\n               data-image-id=\"802\"\n               data-title=\"DSC_2166\"\n               data-description=\"\"\n               data-image-slug=\"dsc_2166\"\n               class=\"ngg-simplelightbox\" rel=\"f19d901b3e359107f1474847eb9b8514\">\n                <img\n                    title=\"DSC_2166\"\n                    alt=\"DSC_2166\"\n                    src=\"https:\/\/www.spbrzezowka.ostnet.pl\/wp-content\/gallery\/sesja-wielkanocna-przedszkolakow\/thumbs\/thumbs_DSC_2166.jpg\"\n                    width=\"240\"\n                    height=\"160\"\n                    style=\"max-width:100%;\"\n                \/>\n            <\/a>\n        <\/div>\n\t\t\t\t\t\t\t<\/div> \n\t\t\t\n\t\t\t\t<div id=\"ngg-image-2\" class=\"ngg-gallery-thumbnail-box \" >\n\t\t\t\t        <div class=\"ngg-gallery-thumbnail\">\n            <a href=\"https:\/\/www.spbrzezowka.ostnet.pl\/wp-content\/gallery\/sesja-wielkanocna-przedszkolakow\/DSC_2193.jpg\"\n               title=\"\"\n               data-src=\"https:\/\/www.spbrzezowka.ostnet.pl\/wp-content\/gallery\/sesja-wielkanocna-przedszkolakow\/DSC_2193.jpg\"\n               data-thumbnail=\"https:\/\/www.spbrzezowka.ostnet.pl\/wp-content\/gallery\/sesja-wielkanocna-przedszkolakow\/thumbs\/thumbs_DSC_2193.jpg\"\n               data-image-id=\"803\"\n               data-title=\"DSC_2193\"\n               data-description=\"\"\n               data-image-slug=\"dsc_2193\"\n               class=\"ngg-simplelightbox\" rel=\"f19d901b3e359107f1474847eb9b8514\">\n                <img\n                    title=\"DSC_2193\"\n                    alt=\"DSC_2193\"\n                    src=\"https:\/\/www.spbrzezowka.ostnet.pl\/wp-content\/gallery\/sesja-wielkanocna-przedszkolakow\/thumbs\/thumbs_DSC_2193.jpg\"\n                    width=\"240\"\n                    height=\"160\"\n                    style=\"max-width:100%;\"\n                \/>\n            <\/a>\n        <\/div>\n\t\t\t\t\t\t\t<\/div> \n\t\t\t\n\t\t\t\t<div id=\"ngg-image-3\" class=\"ngg-gallery-thumbnail-box \" >\n\t\t\t\t        <div class=\"ngg-gallery-thumbnail\">\n            <a href=\"https:\/\/www.spbrzezowka.ostnet.pl\/wp-content\/gallery\/sesja-wielkanocna-przedszkolakow\/DSC_2202.jpg\"\n               title=\"\"\n               data-src=\"https:\/\/www.spbrzezowka.ostnet.pl\/wp-content\/gallery\/sesja-wielkanocna-przedszkolakow\/DSC_2202.jpg\"\n               data-thumbnail=\"https:\/\/www.spbrzezowka.ostnet.pl\/wp-content\/gallery\/sesja-wielkanocna-przedszkolakow\/thumbs\/thumbs_DSC_2202.jpg\"\n               data-image-id=\"804\"\n               data-title=\"DSC_2202\"\n               data-description=\"\"\n               data-image-slug=\"dsc_2202\"\n               class=\"ngg-simplelightbox\" rel=\"f19d901b3e359107f1474847eb9b8514\">\n                <img\n                    title=\"DSC_2202\"\n                    alt=\"DSC_2202\"\n                    src=\"https:\/\/www.spbrzezowka.ostnet.pl\/wp-content\/gallery\/sesja-wielkanocna-przedszkolakow\/thumbs\/thumbs_DSC_2202.jpg\"\n                    width=\"240\"\n                    height=\"160\"\n                    style=\"max-width:100%;\"\n                \/>\n            <\/a>\n        <\/div>\n\t\t\t\t\t\t\t<\/div> \n\t\t\t\n\t\t\t\t<div id=\"ngg-image-4\" class=\"ngg-gallery-thumbnail-box \" >\n\t\t\t\t        <div class=\"ngg-gallery-thumbnail\">\n            <a href=\"https:\/\/www.spbrzezowka.ostnet.pl\/wp-content\/gallery\/sesja-wielkanocna-przedszkolakow\/DSC_2221.jpg\"\n               title=\"\"\n               data-src=\"https:\/\/www.spbrzezowka.ostnet.pl\/wp-content\/gallery\/sesja-wielkanocna-przedszkolakow\/DSC_2221.jpg\"\n               data-thumbnail=\"https:\/\/www.spbrzezowka.ostnet.pl\/wp-content\/gallery\/sesja-wielkanocna-przedszkolakow\/thumbs\/thumbs_DSC_2221.jpg\"\n               data-image-id=\"805\"\n               data-title=\"DSC_2221\"\n               data-description=\"\"\n               data-image-slug=\"dsc_2221\"\n               class=\"ngg-simplelightbox\" rel=\"f19d901b3e359107f1474847eb9b8514\">\n                <img\n                    title=\"DSC_2221\"\n                    alt=\"DSC_2221\"\n                    src=\"https:\/\/www.spbrzezowka.ostnet.pl\/wp-content\/gallery\/sesja-wielkanocna-przedszkolakow\/thumbs\/thumbs_DSC_2221.jpg\"\n                    width=\"240\"\n                    height=\"160\"\n                    style=\"max-width:100%;\"\n                \/>\n            <\/a>\n        <\/div>\n\t\t\t\t\t\t\t<\/div> \n\t\t\t\n\t\t\t\t<div id=\"ngg-image-5\" class=\"ngg-gallery-thumbnail-box \" >\n\t\t\t\t        <div class=\"ngg-gallery-thumbnail\">\n            <a href=\"https:\/\/www.spbrzezowka.ostnet.pl\/wp-content\/gallery\/sesja-wielkanocna-przedszkolakow\/DSC_2254.jpg\"\n               title=\"\"\n               data-src=\"https:\/\/www.spbrzezowka.ostnet.pl\/wp-content\/gallery\/sesja-wielkanocna-przedszkolakow\/DSC_2254.jpg\"\n               data-thumbnail=\"https:\/\/www.spbrzezowka.ostnet.pl\/wp-content\/gallery\/sesja-wielkanocna-przedszkolakow\/thumbs\/thumbs_DSC_2254.jpg\"\n               data-image-id=\"806\"\n               data-title=\"DSC_2254\"\n               data-description=\"\"\n               data-image-slug=\"dsc_2254\"\n               class=\"ngg-simplelightbox\" rel=\"f19d901b3e359107f1474847eb9b8514\">\n                <img\n                    title=\"DSC_2254\"\n                    alt=\"DSC_2254\"\n                    src=\"https:\/\/www.spbrzezowka.ostnet.pl\/wp-content\/gallery\/sesja-wielkanocna-przedszkolakow\/thumbs\/thumbs_DSC_2254.jpg\"\n                    width=\"240\"\n                    height=\"160\"\n                    style=\"max-width:100%;\"\n                \/>\n            <\/a>\n        <\/div>\n\t\t\t\t\t\t\t<\/div> \n\t\t\t\n\t\t\t\t<div id=\"ngg-image-6\" class=\"ngg-gallery-thumbnail-box \" >\n\t\t\t\t        <div class=\"ngg-gallery-thumbnail\">\n            <a href=\"https:\/\/www.spbrzezowka.ostnet.pl\/wp-content\/gallery\/sesja-wielkanocna-przedszkolakow\/DSC_2308.jpg\"\n               title=\"\"\n               data-src=\"https:\/\/www.spbrzezowka.ostnet.pl\/wp-content\/gallery\/sesja-wielkanocna-przedszkolakow\/DSC_2308.jpg\"\n               data-thumbnail=\"https:\/\/www.spbrzezowka.ostnet.pl\/wp-content\/gallery\/sesja-wielkanocna-przedszkolakow\/thumbs\/thumbs_DSC_2308.jpg\"\n               data-image-id=\"807\"\n               data-title=\"DSC_2308\"\n               data-description=\"\"\n               data-image-slug=\"dsc_2308\"\n               class=\"ngg-simplelightbox\" rel=\"f19d901b3e359107f1474847eb9b8514\">\n                <img\n                    title=\"DSC_2308\"\n                    alt=\"DSC_2308\"\n                    src=\"https:\/\/www.spbrzezowka.ostnet.pl\/wp-content\/gallery\/sesja-wielkanocna-przedszkolakow\/thumbs\/thumbs_DSC_2308.jpg\"\n                    width=\"240\"\n                    height=\"160\"\n                    style=\"max-width:100%;\"\n                \/>\n            <\/a>\n        <\/div>\n\t\t\t\t\t\t\t<\/div> \n\t\t\t\n\t\t\t\t<div id=\"ngg-image-7\" class=\"ngg-gallery-thumbnail-box \" >\n\t\t\t\t        <div class=\"ngg-gallery-thumbnail\">\n            <a href=\"https:\/\/www.spbrzezowka.ostnet.pl\/wp-content\/gallery\/sesja-wielkanocna-przedszkolakow\/DSC_2320.jpg\"\n               title=\"\"\n               data-src=\"https:\/\/www.spbrzezowka.ostnet.pl\/wp-content\/gallery\/sesja-wielkanocna-przedszkolakow\/DSC_2320.jpg\"\n               data-thumbnail=\"https:\/\/www.spbrzezowka.ostnet.pl\/wp-content\/gallery\/sesja-wielkanocna-przedszkolakow\/thumbs\/thumbs_DSC_2320.jpg\"\n               data-image-id=\"808\"\n               data-title=\"DSC_2320\"\n               data-description=\"\"\n               data-image-slug=\"dsc_2320\"\n               class=\"ngg-simplelightbox\" rel=\"f19d901b3e359107f1474847eb9b8514\">\n                <img\n                    title=\"DSC_2320\"\n                    alt=\"DSC_2320\"\n                    src=\"https:\/\/www.spbrzezowka.ostnet.pl\/wp-content\/gallery\/sesja-wielkanocna-przedszkolakow\/thumbs\/thumbs_DSC_2320.jpg\"\n                    width=\"240\"\n                    height=\"160\"\n                    style=\"max-width:100%;\"\n                \/>\n            <\/a>\n        <\/div>\n\t\t\t\t\t\t\t<\/div> \n\t\t\t\n\t\t\t\t<div id=\"ngg-image-8\" class=\"ngg-gallery-thumbnail-box \" >\n\t\t\t\t        <div class=\"ngg-gallery-thumbnail\">\n            <a href=\"https:\/\/www.spbrzezowka.ostnet.pl\/wp-content\/gallery\/sesja-wielkanocna-przedszkolakow\/DSC_2356.jpg\"\n               title=\"\"\n               data-src=\"https:\/\/www.spbrzezowka.ostnet.pl\/wp-content\/gallery\/sesja-wielkanocna-przedszkolakow\/DSC_2356.jpg\"\n               data-thumbnail=\"https:\/\/www.spbrzezowka.ostnet.pl\/wp-content\/gallery\/sesja-wielkanocna-przedszkolakow\/thumbs\/thumbs_DSC_2356.jpg\"\n               data-image-id=\"809\"\n               data-title=\"DSC_2356\"\n               data-description=\"\"\n               data-image-slug=\"dsc_2356\"\n               class=\"ngg-simplelightbox\" rel=\"f19d901b3e359107f1474847eb9b8514\">\n                <img\n                    title=\"DSC_2356\"\n                    alt=\"DSC_2356\"\n                    src=\"https:\/\/www.spbrzezowka.ostnet.pl\/wp-content\/gallery\/sesja-wielkanocna-przedszkolakow\/thumbs\/thumbs_DSC_2356.jpg\"\n                    width=\"240\"\n                    height=\"160\"\n                    style=\"max-width:100%;\"\n                \/>\n            <\/a>\n        <\/div>\n\t\t\t\t\t\t\t<\/div> \n\t\t\t\n\t\t\t\t<div id=\"ngg-image-9\" class=\"ngg-gallery-thumbnail-box \" >\n\t\t\t\t        <div class=\"ngg-gallery-thumbnail\">\n            <a href=\"https:\/\/www.spbrzezowka.ostnet.pl\/wp-content\/gallery\/sesja-wielkanocna-przedszkolakow\/DSC_2375.jpg\"\n               title=\"\"\n               data-src=\"https:\/\/www.spbrzezowka.ostnet.pl\/wp-content\/gallery\/sesja-wielkanocna-przedszkolakow\/DSC_2375.jpg\"\n               data-thumbnail=\"https:\/\/www.spbrzezowka.ostnet.pl\/wp-content\/gallery\/sesja-wielkanocna-przedszkolakow\/thumbs\/thumbs_DSC_2375.jpg\"\n               data-image-id=\"810\"\n               data-title=\"DSC_2375\"\n               data-description=\"\"\n               data-image-slug=\"dsc_2375\"\n               class=\"ngg-simplelightbox\" rel=\"f19d901b3e359107f1474847eb9b8514\">\n                <img\n                    title=\"DSC_2375\"\n                    alt=\"DSC_2375\"\n                    src=\"https:\/\/www.spbrzezowka.ostnet.pl\/wp-content\/gallery\/sesja-wielkanocna-przedszkolakow\/thumbs\/thumbs_DSC_2375.jpg\"\n                    width=\"240\"\n                    height=\"160\"\n                    style=\"max-width:100%;\"\n                \/>\n            <\/a>\n        <\/div>\n\t\t\t\t\t\t\t<\/div> \n\t\t\t\n\t\t\t\t<div id=\"ngg-image-10\" class=\"ngg-gallery-thumbnail-box \" >\n\t\t\t\t        <div class=\"ngg-gallery-thumbnail\">\n            <a href=\"https:\/\/www.spbrzezowka.ostnet.pl\/wp-content\/gallery\/sesja-wielkanocna-przedszkolakow\/DSC_2433.jpg\"\n               title=\"\"\n               data-src=\"https:\/\/www.spbrzezowka.ostnet.pl\/wp-content\/gallery\/sesja-wielkanocna-przedszkolakow\/DSC_2433.jpg\"\n               data-thumbnail=\"https:\/\/www.spbrzezowka.ostnet.pl\/wp-content\/gallery\/sesja-wielkanocna-przedszkolakow\/thumbs\/thumbs_DSC_2433.jpg\"\n               data-image-id=\"811\"\n               data-title=\"DSC_2433\"\n               data-description=\"\"\n               data-image-slug=\"dsc_2433\"\n               class=\"ngg-simplelightbox\" rel=\"f19d901b3e359107f1474847eb9b8514\">\n                <img\n                    title=\"DSC_2433\"\n                    alt=\"DSC_2433\"\n                    src=\"https:\/\/www.spbrzezowka.ostnet.pl\/wp-content\/gallery\/sesja-wielkanocna-przedszkolakow\/thumbs\/thumbs_DSC_2433.jpg\"\n                    width=\"240\"\n                    height=\"160\"\n                    style=\"max-width:100%;\"\n                \/>\n            <\/a>\n        <\/div>\n\t\t\t\t\t\t\t<\/div> \n\t\t\t\n\t\t\t\t<div id=\"ngg-image-11\" class=\"ngg-gallery-thumbnail-box \" >\n\t\t\t\t        <div class=\"ngg-gallery-thumbnail\">\n            <a href=\"https:\/\/www.spbrzezowka.ostnet.pl\/wp-content\/gallery\/sesja-wielkanocna-przedszkolakow\/DSC_2443.jpg\"\n               title=\"\"\n               data-src=\"https:\/\/www.spbrzezowka.ostnet.pl\/wp-content\/gallery\/sesja-wielkanocna-przedszkolakow\/DSC_2443.jpg\"\n               data-thumbnail=\"https:\/\/www.spbrzezowka.ostnet.pl\/wp-content\/gallery\/sesja-wielkanocna-przedszkolakow\/thumbs\/thumbs_DSC_2443.jpg\"\n               data-image-id=\"812\"\n               data-title=\"DSC_2443\"\n               data-description=\"\"\n               data-image-slug=\"dsc_2443\"\n               class=\"ngg-simplelightbox\" rel=\"f19d901b3e359107f1474847eb9b8514\">\n                <img\n                    title=\"DSC_2443\"\n                    alt=\"DSC_2443\"\n                    src=\"https:\/\/www.spbrzezowka.ostnet.pl\/wp-content\/gallery\/sesja-wielkanocna-przedszkolakow\/thumbs\/thumbs_DSC_2443.jpg\"\n                    width=\"240\"\n                    height=\"160\"\n                    style=\"max-width:100%;\"\n                \/>\n            <\/a>\n        <\/div>\n\t\t\t\t\t\t\t<\/div> \n\t\t\t\n\t\t\t\t<div id=\"ngg-image-12\" class=\"ngg-gallery-thumbnail-box \" >\n\t\t\t\t        <div class=\"ngg-gallery-thumbnail\">\n            <a href=\"https:\/\/www.spbrzezowka.ostnet.pl\/wp-content\/gallery\/sesja-wielkanocna-przedszkolakow\/DSC_2488.jpg\"\n               title=\"\"\n               data-src=\"https:\/\/www.spbrzezowka.ostnet.pl\/wp-content\/gallery\/sesja-wielkanocna-przedszkolakow\/DSC_2488.jpg\"\n               data-thumbnail=\"https:\/\/www.spbrzezowka.ostnet.pl\/wp-content\/gallery\/sesja-wielkanocna-przedszkolakow\/thumbs\/thumbs_DSC_2488.jpg\"\n               data-image-id=\"813\"\n               data-title=\"DSC_2488\"\n               data-description=\"\"\n               data-image-slug=\"dsc_2488\"\n               class=\"ngg-simplelightbox\" rel=\"f19d901b3e359107f1474847eb9b8514\">\n                <img\n                    title=\"DSC_2488\"\n                    alt=\"DSC_2488\"\n                    src=\"https:\/\/www.spbrzezowka.ostnet.pl\/wp-content\/gallery\/sesja-wielkanocna-przedszkolakow\/thumbs\/thumbs_DSC_2488.jpg\"\n                    width=\"240\"\n                    height=\"160\"\n                    style=\"max-width:100%;\"\n                \/>\n            <\/a>\n        <\/div>\n\t\t\t\t\t\t\t<\/div> \n\t\t\t\n\t\t\t\t<div id=\"ngg-image-13\" class=\"ngg-gallery-thumbnail-box \" >\n\t\t\t\t        <div class=\"ngg-gallery-thumbnail\">\n            <a href=\"https:\/\/www.spbrzezowka.ostnet.pl\/wp-content\/gallery\/sesja-wielkanocna-przedszkolakow\/DSC_2499.jpg\"\n               title=\"\"\n               data-src=\"https:\/\/www.spbrzezowka.ostnet.pl\/wp-content\/gallery\/sesja-wielkanocna-przedszkolakow\/DSC_2499.jpg\"\n               data-thumbnail=\"https:\/\/www.spbrzezowka.ostnet.pl\/wp-content\/gallery\/sesja-wielkanocna-przedszkolakow\/thumbs\/thumbs_DSC_2499.jpg\"\n               data-image-id=\"814\"\n               data-title=\"DSC_2499\"\n               data-description=\"\"\n               data-image-slug=\"dsc_2499\"\n               class=\"ngg-simplelightbox\" rel=\"f19d901b3e359107f1474847eb9b8514\">\n                <img\n                    title=\"DSC_2499\"\n                    alt=\"DSC_2499\"\n                    src=\"https:\/\/www.spbrzezowka.ostnet.pl\/wp-content\/gallery\/sesja-wielkanocna-przedszkolakow\/thumbs\/thumbs_DSC_2499.jpg\"\n                    width=\"240\"\n                    height=\"160\"\n                    style=\"max-width:100%;\"\n                \/>\n            <\/a>\n        <\/div>\n\t\t\t\t\t\t\t<\/div> \n\t\t\t\n\t\t\t\t<div id=\"ngg-image-14\" class=\"ngg-gallery-thumbnail-box \" >\n\t\t\t\t        <div class=\"ngg-gallery-thumbnail\">\n            <a href=\"https:\/\/www.spbrzezowka.ostnet.pl\/wp-content\/gallery\/sesja-wielkanocna-przedszkolakow\/278055265_1045196949404964_4500604074155306062_n.jpg\"\n               title=\"\"\n               data-src=\"https:\/\/www.spbrzezowka.ostnet.pl\/wp-content\/gallery\/sesja-wielkanocna-przedszkolakow\/278055265_1045196949404964_4500604074155306062_n.jpg\"\n               data-thumbnail=\"https:\/\/www.spbrzezowka.ostnet.pl\/wp-content\/gallery\/sesja-wielkanocna-przedszkolakow\/thumbs\/thumbs_278055265_1045196949404964_4500604074155306062_n.jpg\"\n               data-image-id=\"815\"\n               data-title=\"278055265_1045196949404964_4500604074155306062_n\"\n               data-description=\"\"\n               data-image-slug=\"278055265_1045196949404964_4500604074155306062_n\"\n               class=\"ngg-simplelightbox\" rel=\"f19d901b3e359107f1474847eb9b8514\">\n                <img\n                    title=\"278055265_1045196949404964_4500604074155306062_n\"\n                    alt=\"278055265_1045196949404964_4500604074155306062_n\"\n                    src=\"https:\/\/www.spbrzezowka.ostnet.pl\/wp-content\/gallery\/sesja-wielkanocna-przedszkolakow\/thumbs\/thumbs_278055265_1045196949404964_4500604074155306062_n.jpg\"\n                    width=\"240\"\n                    height=\"160\"\n                    style=\"max-width:100%;\"\n                \/>\n            <\/a>\n        <\/div>\n\t\t\t\t\t\t\t<\/div> \n\t\t\t\n\t\t\t\t<div id=\"ngg-image-15\" class=\"ngg-gallery-thumbnail-box \" >\n\t\t\t\t        <div class=\"ngg-gallery-thumbnail\">\n            <a href=\"https:\/\/www.spbrzezowka.ostnet.pl\/wp-content\/gallery\/sesja-wielkanocna-przedszkolakow\/278012392_289011423388495_7086363680587752616_n.jpg\"\n               title=\"\"\n               data-src=\"https:\/\/www.spbrzezowka.ostnet.pl\/wp-content\/gallery\/sesja-wielkanocna-przedszkolakow\/278012392_289011423388495_7086363680587752616_n.jpg\"\n               data-thumbnail=\"https:\/\/www.spbrzezowka.ostnet.pl\/wp-content\/gallery\/sesja-wielkanocna-przedszkolakow\/thumbs\/thumbs_278012392_289011423388495_7086363680587752616_n.jpg\"\n               data-image-id=\"816\"\n               data-title=\"278012392_289011423388495_7086363680587752616_n\"\n               data-description=\"\"\n               data-image-slug=\"278012392_289011423388495_7086363680587752616_n\"\n               class=\"ngg-simplelightbox\" rel=\"f19d901b3e359107f1474847eb9b8514\">\n                <img\n                    title=\"278012392_289011423388495_7086363680587752616_n\"\n                    alt=\"278012392_289011423388495_7086363680587752616_n\"\n                    src=\"https:\/\/www.spbrzezowka.ostnet.pl\/wp-content\/gallery\/sesja-wielkanocna-przedszkolakow\/thumbs\/thumbs_278012392_289011423388495_7086363680587752616_n.jpg\"\n                    width=\"240\"\n                    height=\"160\"\n                    style=\"max-width:100%;\"\n                \/>\n            <\/a>\n        <\/div>\n\t\t\t\t\t\t\t<\/div> \n\t\t\t\n\t\n\t<br style=\"clear: both\" \/>\n\n\t\t<div class=\"slideshowlink\">\n        <a href='https:\/\/www.spbrzezowka.ostnet.pl\/index.php\/2022\/04\/10\/przedszkolaki-w-obiektywie\/nggallery\/slideshow'>Pokaz slajd\u00f3w<\/a>\n\t\t\n\t<\/div>\n\t\n\t\t<!-- Pagination -->\n\t<div class='ngg-clear'><\/div>\t<\/div>\n\n","protected":false},"excerpt":{"rendered":"<p>Pi\u0119kne fotografie w wiosenno- wielkanocnej scenerii wykona\u0142a w ubieg\u0142y pi\u0105tek pani Kasia Zieli\u0144ska &#8211; Sroka. Nasi najm\u0142odsi cierpliwie pozowali do zdj\u0119\u0107, dzi\u0119ki czemu powsta\u0142a sesja b\u0119dzie mi\u0142\u0105 pami\u0105tk\u0105. Zapraszamy do [&hellip;]<\/p>\n","protected":false},"author":4,"featured_media":3698,"comment_status":"open","ping_status":"open","sticky":true,"template":"","format":"standard","meta":{"ngg_post_thumbnail":0},"categories":[1],"tags":[],"_links":{"self":[{"href":"https:\/\/www.spbrzezowka.ostnet.pl\/index.php\/wp-json\/wp\/v2\/posts\/3695"}],"collection":[{"href":"https:\/\/www.spbrzezowka.ostnet.pl\/index.php\/wp-json\/wp\/v2\/posts"}],"about":[{"href":"https:\/\/www.spbrzezowka.ostnet.pl\/index.php\/wp-json\/wp\/v2\/types\/post"}],"author":[{"embeddable":true,"href":"https:\/\/www.spbrzezowka.ostnet.pl\/index.php\/wp-json\/wp\/v2\/users\/4"}],"replies":[{"embeddable":true,"href":"https:\/\/www.spbrzezowka.ostnet.pl\/index.php\/wp-json\/wp\/v2\/comments?post=3695"}],"version-history":[{"count":3,"href":"https:\/\/www.spbrzezowka.ostnet.pl\/index.php\/wp-json\/wp\/v2\/posts\/3695\/revisions"}],"predecessor-version":[{"id":3699,"href":"https:\/\/www.spbrzezowka.ostnet.pl\/index.php\/wp-json\/wp\/v2\/posts\/3695\/revisions\/3699"}],"wp:featuredmedia":[{"embeddable":true,"href":"https:\/\/www.spbrzezowka.ostnet.pl\/index.php\/wp-json\/wp\/v2\/media\/3698"}],"wp:attachment":[{"href":"https:\/\/www.spbrzezowka.ostnet.pl\/index.php\/wp-json\/wp\/v2\/media?parent=3695"}],"wp:term":[{"taxonomy":"category","embeddable":true,"href":"https:\/\/www.spbrzezowka.ostnet.pl\/index.php\/wp-json\/wp\/v2\/categories?post=3695"},{"taxonomy":"post_tag","embeddable":true,"href":"https:\/\/www.spbrzezowka.ostnet.pl\/index.php\/wp-json\/wp\/v2\/tags?post=3695"}],"curies":[{"name":"wp","href":"https:\/\/api.w.org\/{rel}","templated":true}]}}